{"id":3529,"date":"2025-03-27T12:54:24","date_gmt":"2025-03-27T12:54:24","guid":{"rendered":"https:\/\/sustentable.digital\/blog\/?p=3529"},"modified":"2025-03-27T12:54:53","modified_gmt":"2025-03-27T12:54:53","slug":"esg-en-2025","status":"publish","type":"post","link":"https:\/\/sustentable.digital\/blog\/2025\/03\/esg-en-2025\/","title":{"rendered":"ESG en 2025"},"content":{"rendered":"\n<p>En los \u00faltimos a\u00f1os, la agenda ESG (ambiental, social y de gobernanza) ha dejado de ser una opci\u00f3n para convertirse en una necesidad imperiosa. Las empresas que no integren pr\u00e1cticas sostenibles en su modelo de negocio corren el riesgo de quedarse rezagadas en un mercado cada vez m\u00e1s consciente y exigente.<\/p>\n\n\n\n<p><strong>El contexto actual: entre avances y retrocesos.<\/strong><\/p>\n\n\n\n<p>A pesar de los avances en sostenibilidad, inclusi\u00f3n y justicia social, nos enfrentamos a un retroceso impulsado por sectores que buscan mantener privilegios a costa del bienestar com\u00fan. Este fen\u00f3meno, alimentado por narrativas pol\u00edticas polarizadas y resistencias econ\u00f3micas, ha reducido las promesas de cambio a una simple expresi\u00f3n de deseo.<\/p>\n\n\n\n<p>En un mundo donde las marcas moldean h\u00e1bitos y deseos, la responsabilidad empresarial va m\u00e1s all\u00e1 del producto o servicio. No se trata solo de vender sino de c\u00f3mo se produce, se distribuye y se gestiona. Cada elecci\u00f3n que hacemos tiene un impacto: en el ambiente, en la econom\u00eda y en las personas. En ese sentido, las empresas y las organizaciones no solo son responsables de lo que venden sino tambi\u00e9n del c\u00f3mo y el porqu\u00e9 de sus procesos.<\/p>\n\n\n<div class=\"wp-block-image\">\n<figure class=\"aligncenter size-full is-resized\"><a href=\"https:\/\/sustentable.digital\/blog\/wp-content\/uploads\/2025\/03\/sd_cuerpo_nota-1.png\"><img loading=\"lazy\" decoding=\"async\" width=\"1024\" height=\"683\" src=\"https:\/\/sustentable.digital\/blog\/wp-content\/uploads\/2025\/03\/sd_cuerpo_nota-1.png\" alt=\"\" class=\"wp-image-3530\" style=\"width:393px;height:auto\" srcset=\"https:\/\/sustentable.digital\/blog\/wp-content\/uploads\/2025\/03\/sd_cuerpo_nota-1.png 1024w, https:\/\/sustentable.digital\/blog\/wp-content\/uploads\/2025\/03\/sd_cuerpo_nota-1-300x200.png 300w, https:\/\/sustentable.digital\/blog\/wp-content\/uploads\/2025\/03\/sd_cuerpo_nota-1-768x512.png 768w\" sizes=\"auto, (max-width: 1024px) 100vw, 1024px\" \/><\/a><\/figure><\/div>\n\n\n<p><\/p>\n\n\n\n<p><strong>La sostenibilidad empresarial como camino hacia el futuro.<\/strong><\/p>\n\n\n\n<p>Sin embargo, algunas iniciativas ya est\u00e1n marcando la diferencia. Aplicaciones como <em>Too Good To Go<\/em> y <em>Cheaf<\/em> conectan a consumidores con locales que venden excedentes de comida a precios reducidos, evitando as\u00ed el desperdicio de alimentos.<\/p>\n\n\n\n<p>Por su parte, el Pacto Mundial de las Naciones Unidas impulsa a las empresas a adoptar pr\u00e1cticas responsables en \u00e1reas como los derechos humanos, los est\u00e1ndares laborales y el ambiente.<\/p>\n\n\n\n<p><strong>El rol de las empresas argentinas en la agenda ESG.<\/strong><\/p>\n\n\n\n<p>En Argentina, diversas empresas han asumido el compromiso de integrar criterios ESG, implementando pol\u00edticas \u00e9ticas y de gesti\u00f3n que contribuyen a la sociedad, desde iniciativas para la reducci\u00f3n de la huella de carbono hasta el apoyo a la educaci\u00f3n digital y el fomento a la inclusi\u00f3n financiera.<\/p>\n\n\n\n<p><strong>\u00bfC\u00f3mo aplicar una agenda ESG efectiva?<\/strong><\/p>\n\n\n\n<ul class=\"wp-block-list\">\n<li><strong>Integrar la sostenibilidad en la estrategia empresarial<\/strong>: los criterios ESG deben ser parte central de la visi\u00f3n y misi\u00f3n de la empresa orientando todas las decisiones y acciones hacia un impacto socioambiental positivo.<\/li>\n\n\n\n<li><strong>Transparencia y comunicaci\u00f3n<\/strong>: informar de manera clara y honesta sobre las pr\u00e1cticas y resultados en materia de ESG fortalece la confianza de los stakeholders y mejora la reputaci\u00f3n corporativa.<\/li>\n\n\n\n<li><strong>Innovaci\u00f3n y adaptaci\u00f3n<\/strong>: la implementaci\u00f3n de nuevas tecnolog\u00edas y procesos sostenibles no solo reduce el impacto ambiental sino que tambi\u00e9n puede generar eficiencia y ahorro a largo plazo.<\/li>\n<\/ul>\n\n\n\n<ul class=\"wp-block-list\">\n<li><strong>Compromiso con la comunidad<\/strong>: participar activamente en el desarrollo de las comunidades locales, apoyando proyectos educativos, culturales y sociales, refuerza el v\u00ednculo entre la empresa y la sociedad.<\/li>\n<\/ul>\n\n\n\n<ul class=\"wp-block-list\">\n<li><strong>Adoptar herramientas digitales<\/strong>: implementar plataformas que faciliten la gesti\u00f3n de excedentes y la colaboraci\u00f3n con iniciativas de consumo responsable puede optimizar recursos y fortalecer el compromiso sostenible.<\/li>\n<\/ul>\n\n\n<div class=\"wp-block-image\">\n<figure class=\"aligncenter size-full is-resized\"><a href=\"https:\/\/sustentable.digital\/blog\/wp-content\/uploads\/2025\/03\/sd_cuerpo_nota.png\"><img loading=\"lazy\" decoding=\"async\" width=\"1024\" height=\"683\" src=\"https:\/\/sustentable.digital\/blog\/wp-content\/uploads\/2025\/03\/sd_cuerpo_nota.png\" alt=\"\" class=\"wp-image-3531\" style=\"width:428px;height:auto\" srcset=\"https:\/\/sustentable.digital\/blog\/wp-content\/uploads\/2025\/03\/sd_cuerpo_nota.png 1024w, https:\/\/sustentable.digital\/blog\/wp-content\/uploads\/2025\/03\/sd_cuerpo_nota-300x200.png 300w, https:\/\/sustentable.digital\/blog\/wp-content\/uploads\/2025\/03\/sd_cuerpo_nota-768x512.png 768w\" sizes=\"auto, (max-width: 1024px) 100vw, 1024px\" \/><\/a><\/figure><\/div>\n\n\n<p><\/p>\n\n\n\n<p><strong>El llamado a la acci\u00f3n.<\/strong><\/p>\n\n\n\n<p>La agenda ESG en 2025 requiere valent\u00eda, compromiso y una visi\u00f3n a largo plazo que trascienda los intereses individuales. Las empresas que asuman este desaf\u00edo no solo contribuir\u00e1n a un mundo m\u00e1s justo y sostenible, sino que tambi\u00e9n se posicionar\u00e1n como l\u00edderes en un mercado en constante evoluci\u00f3n.<\/p>\n\n\n\n<p>Es momento de actuar con determinaci\u00f3n y coherencia, demostrando que el \u00e9xito empresarial y el compromiso ESG pueden y deben ir de la mano.<\/p>\n","protected":false},"excerpt":{"rendered":"<p>En los \u00faltimos a\u00f1os, la agenda ESG (ambiental, social y de gobernanza) ha dejado de ser una opci\u00f3n para convertirse en una necesidad imperiosa. Las empresas que no integren pr\u00e1cticas sostenibles en su modelo de negocio corren el riesgo de quedarse rezagadas en un mercado cada vez m\u00e1s consciente y exigente. El contexto actual: entre [&hellip;]<\/p>\n","protected":false},"author":4,"featured_media":3536,"comment_status":"open","ping_status":"open","sticky":false,"template":"","format":"standard","meta":{"_uag_custom_page_level_css":"","footnotes":""},"categories":[1],"tags":[],"class_list":["post-3529","post","type-post","status-publish","format-standard","has-post-thumbnail","hentry","category-uncategorized"],"yoast_head":"<!-- This site is optimized with the Yoast SEO plugin v26.8 - https:\/\/yoast.com\/product\/yoast-seo-wordpress\/ -->\n<title>ESG en 2025 - Sustentable Digital<\/title>\n<meta name=\"robots\" content=\"index, follow, max-snippet:-1, max-image-preview:large, max-video-preview:-1\" \/>\n<link rel=\"canonical\" href=\"https:\/\/sustentable.digital\/blog\/2025\/03\/esg-en-2025\/\" \/>\n<meta property=\"og:locale\" content=\"es_ES\" \/>\n<meta property=\"og:type\" content=\"article\" \/>\n<meta property=\"og:title\" content=\"ESG en 2025 - Sustentable Digital\" \/>\n<meta property=\"og:description\" content=\"En los \u00faltimos a\u00f1os, la agenda ESG (ambiental, social y de gobernanza) ha dejado de ser una opci\u00f3n para convertirse en una necesidad imperiosa. Las empresas que no integren pr\u00e1cticas sostenibles en su modelo de negocio corren el riesgo de quedarse rezagadas en un mercado cada vez m\u00e1s consciente y exigente. El contexto actual: entre [&hellip;]\" \/>\n<meta property=\"og:url\" content=\"https:\/\/sustentable.digital\/blog\/2025\/03\/esg-en-2025\/\" \/>\n<meta property=\"og:site_name\" content=\"Sustentable Digital\" \/>\n<meta property=\"article:published_time\" content=\"2025-03-27T12:54:24+00:00\" \/>\n<meta property=\"article:modified_time\" content=\"2025-03-27T12:54:53+00:00\" \/>\n<meta property=\"og:image\" content=\"https:\/\/sustentable.digital\/blog\/wp-content\/uploads\/2025\/03\/portada_sd.png\" \/>\n\t<meta property=\"og:image:width\" content=\"1200\" \/>\n\t<meta property=\"og:image:height\" content=\"628\" \/>\n\t<meta property=\"og:image:type\" content=\"image\/png\" \/>\n<meta name=\"author\" content=\"Sustentable Digital\" \/>\n<meta name=\"twitter:label1\" content=\"Escrito por\" \/>\n\t<meta name=\"twitter:data1\" content=\"Sustentable Digital\" \/>\n\t<meta name=\"twitter:label2\" content=\"Tiempo de lectura\" \/>\n\t<meta name=\"twitter:data2\" content=\"3 minutos\" \/>\n<script type=\"application\/ld+json\" class=\"yoast-schema-graph\">{\"@context\":\"https:\/\/schema.org\",\"@graph\":[{\"@type\":\"Article\",\"@id\":\"https:\/\/sustentable.digital\/blog\/2025\/03\/esg-en-2025\/#article\",\"isPartOf\":{\"@id\":\"https:\/\/sustentable.digital\/blog\/2025\/03\/esg-en-2025\/\"},\"author\":{\"name\":\"Sustentable Digital\",\"@id\":\"https:\/\/sustentable.digital\/blog\/#\/schema\/person\/e1dd9d02ba805d7efe1455c346e10b08\"},\"headline\":\"ESG en 2025\",\"datePublished\":\"2025-03-27T12:54:24+00:00\",\"dateModified\":\"2025-03-27T12:54:53+00:00\",\"mainEntityOfPage\":{\"@id\":\"https:\/\/sustentable.digital\/blog\/2025\/03\/esg-en-2025\/\"},\"wordCount\":597,\"commentCount\":0,\"image\":{\"@id\":\"https:\/\/sustentable.digital\/blog\/2025\/03\/esg-en-2025\/#primaryimage\"},\"thumbnailUrl\":\"https:\/\/sustentable.digital\/blog\/wp-content\/uploads\/2025\/03\/portada_sd.png\",\"articleSection\":[\"Uncategorized\"],\"inLanguage\":\"es-AR\",\"potentialAction\":[{\"@type\":\"CommentAction\",\"name\":\"Comment\",\"target\":[\"https:\/\/sustentable.digital\/blog\/2025\/03\/esg-en-2025\/#respond\"]}]},{\"@type\":\"WebPage\",\"@id\":\"https:\/\/sustentable.digital\/blog\/2025\/03\/esg-en-2025\/\",\"url\":\"https:\/\/sustentable.digital\/blog\/2025\/03\/esg-en-2025\/\",\"name\":\"ESG en 2025 - Sustentable Digital\",\"isPartOf\":{\"@id\":\"https:\/\/sustentable.digital\/blog\/#website\"},\"primaryImageOfPage\":{\"@id\":\"https:\/\/sustentable.digital\/blog\/2025\/03\/esg-en-2025\/#primaryimage\"},\"image\":{\"@id\":\"https:\/\/sustentable.digital\/blog\/2025\/03\/esg-en-2025\/#primaryimage\"},\"thumbnailUrl\":\"https:\/\/sustentable.digital\/blog\/wp-content\/uploads\/2025\/03\/portada_sd.png\",\"datePublished\":\"2025-03-27T12:54:24+00:00\",\"dateModified\":\"2025-03-27T12:54:53+00:00\",\"author\":{\"@id\":\"https:\/\/sustentable.digital\/blog\/#\/schema\/person\/e1dd9d02ba805d7efe1455c346e10b08\"},\"inLanguage\":\"es-AR\",\"potentialAction\":[{\"@type\":\"ReadAction\",\"target\":[\"https:\/\/sustentable.digital\/blog\/2025\/03\/esg-en-2025\/\"]}]},{\"@type\":\"ImageObject\",\"inLanguage\":\"es-AR\",\"@id\":\"https:\/\/sustentable.digital\/blog\/2025\/03\/esg-en-2025\/#primaryimage\",\"url\":\"https:\/\/sustentable.digital\/blog\/wp-content\/uploads\/2025\/03\/portada_sd.png\",\"contentUrl\":\"https:\/\/sustentable.digital\/blog\/wp-content\/uploads\/2025\/03\/portada_sd.png\",\"width\":1200,\"height\":628},{\"@type\":\"WebSite\",\"@id\":\"https:\/\/sustentable.digital\/blog\/#website\",\"url\":\"https:\/\/sustentable.digital\/blog\/\",\"name\":\"Sustentable Digital\",\"description\":\"Comunicaci\u00f3n y Tecnolog\u00eda en Sustentabilidad\",\"potentialAction\":[{\"@type\":\"SearchAction\",\"target\":{\"@type\":\"EntryPoint\",\"urlTemplate\":\"https:\/\/sustentable.digital\/blog\/?s={search_term_string}\"},\"query-input\":{\"@type\":\"PropertyValueSpecification\",\"valueRequired\":true,\"valueName\":\"search_term_string\"}}],\"inLanguage\":\"es-AR\"},{\"@type\":\"Person\",\"@id\":\"https:\/\/sustentable.digital\/blog\/#\/schema\/person\/e1dd9d02ba805d7efe1455c346e10b08\",\"name\":\"Sustentable Digital\",\"image\":{\"@type\":\"ImageObject\",\"inLanguage\":\"es-AR\",\"@id\":\"https:\/\/sustentable.digital\/blog\/#\/schema\/person\/image\/\",\"url\":\"https:\/\/secure.gravatar.com\/avatar\/80fcd144cc3c623b0902663d451ceddf?s=96&d=mm&r=g\",\"contentUrl\":\"https:\/\/secure.gravatar.com\/avatar\/80fcd144cc3c623b0902663d451ceddf?s=96&d=mm&r=g\",\"caption\":\"Sustentable Digital\"},\"url\":\"https:\/\/sustentable.digital\/blog\/author\/sustentabledigital\/\"}]}<\/script>\n<!-- \/ Yoast SEO plugin. -->","yoast_head_json":{"title":"ESG en 2025 - Sustentable Digital","robots":{"index":"index","follow":"follow","max-snippet":"max-snippet:-1","max-image-preview":"max-image-preview:large","max-video-preview":"max-video-preview:-1"},"canonical":"https:\/\/sustentable.digital\/blog\/2025\/03\/esg-en-2025\/","og_locale":"es_ES","og_type":"article","og_title":"ESG en 2025 - Sustentable Digital","og_description":"En los \u00faltimos a\u00f1os, la agenda ESG (ambiental, social y de gobernanza) ha dejado de ser una opci\u00f3n para convertirse en una necesidad imperiosa. Las empresas que no integren pr\u00e1cticas sostenibles en su modelo de negocio corren el riesgo de quedarse rezagadas en un mercado cada vez m\u00e1s consciente y exigente. El contexto actual: entre [&hellip;]","og_url":"https:\/\/sustentable.digital\/blog\/2025\/03\/esg-en-2025\/","og_site_name":"Sustentable Digital","article_published_time":"2025-03-27T12:54:24+00:00","article_modified_time":"2025-03-27T12:54:53+00:00","og_image":[{"width":1200,"height":628,"url":"https:\/\/sustentable.digital\/blog\/wp-content\/uploads\/2025\/03\/portada_sd.png","type":"image\/png"}],"author":"Sustentable Digital","twitter_misc":{"Escrito por":"Sustentable Digital","Tiempo de lectura":"3 minutos"},"schema":{"@context":"https:\/\/schema.org","@graph":[{"@type":"Article","@id":"https:\/\/sustentable.digital\/blog\/2025\/03\/esg-en-2025\/#article","isPartOf":{"@id":"https:\/\/sustentable.digital\/blog\/2025\/03\/esg-en-2025\/"},"author":{"name":"Sustentable Digital","@id":"https:\/\/sustentable.digital\/blog\/#\/schema\/person\/e1dd9d02ba805d7efe1455c346e10b08"},"headline":"ESG en 2025","datePublished":"2025-03-27T12:54:24+00:00","dateModified":"2025-03-27T12:54:53+00:00","mainEntityOfPage":{"@id":"https:\/\/sustentable.digital\/blog\/2025\/03\/esg-en-2025\/"},"wordCount":597,"commentCount":0,"image":{"@id":"https:\/\/sustentable.digital\/blog\/2025\/03\/esg-en-2025\/#primaryimage"},"thumbnailUrl":"https:\/\/sustentable.digital\/blog\/wp-content\/uploads\/2025\/03\/portada_sd.png","articleSection":["Uncategorized"],"inLanguage":"es-AR","potentialAction":[{"@type":"CommentAction","name":"Comment","target":["https:\/\/sustentable.digital\/blog\/2025\/03\/esg-en-2025\/#respond"]}]},{"@type":"WebPage","@id":"https:\/\/sustentable.digital\/blog\/2025\/03\/esg-en-2025\/","url":"https:\/\/sustentable.digital\/blog\/2025\/03\/esg-en-2025\/","name":"ESG en 2025 - Sustentable Digital","isPartOf":{"@id":"https:\/\/sustentable.digital\/blog\/#website"},"primaryImageOfPage":{"@id":"https:\/\/sustentable.digital\/blog\/2025\/03\/esg-en-2025\/#primaryimage"},"image":{"@id":"https:\/\/sustentable.digital\/blog\/2025\/03\/esg-en-2025\/#primaryimage"},"thumbnailUrl":"https:\/\/sustentable.digital\/blog\/wp-content\/uploads\/2025\/03\/portada_sd.png","datePublished":"2025-03-27T12:54:24+00:00","dateModified":"2025-03-27T12:54:53+00:00","author":{"@id":"https:\/\/sustentable.digital\/blog\/#\/schema\/person\/e1dd9d02ba805d7efe1455c346e10b08"},"inLanguage":"es-AR","potentialAction":[{"@type":"ReadAction","target":["https:\/\/sustentable.digital\/blog\/2025\/03\/esg-en-2025\/"]}]},{"@type":"ImageObject","inLanguage":"es-AR","@id":"https:\/\/sustentable.digital\/blog\/2025\/03\/esg-en-2025\/#primaryimage","url":"https:\/\/sustentable.digital\/blog\/wp-content\/uploads\/2025\/03\/portada_sd.png","contentUrl":"https:\/\/sustentable.digital\/blog\/wp-content\/uploads\/2025\/03\/portada_sd.png","width":1200,"height":628},{"@type":"WebSite","@id":"https:\/\/sustentable.digital\/blog\/#website","url":"https:\/\/sustentable.digital\/blog\/","name":"Sustentable Digital","description":"Comunicaci\u00f3n y Tecnolog\u00eda en Sustentabilidad","potentialAction":[{"@type":"SearchAction","target":{"@type":"EntryPoint","urlTemplate":"https:\/\/sustentable.digital\/blog\/?s={search_term_string}"},"query-input":{"@type":"PropertyValueSpecification","valueRequired":true,"valueName":"search_term_string"}}],"inLanguage":"es-AR"},{"@type":"Person","@id":"https:\/\/sustentable.digital\/blog\/#\/schema\/person\/e1dd9d02ba805d7efe1455c346e10b08","name":"Sustentable Digital","image":{"@type":"ImageObject","inLanguage":"es-AR","@id":"https:\/\/sustentable.digital\/blog\/#\/schema\/person\/image\/","url":"https:\/\/secure.gravatar.com\/avatar\/80fcd144cc3c623b0902663d451ceddf?s=96&d=mm&r=g","contentUrl":"https:\/\/secure.gravatar.com\/avatar\/80fcd144cc3c623b0902663d451ceddf?s=96&d=mm&r=g","caption":"Sustentable Digital"},"url":"https:\/\/sustentable.digital\/blog\/author\/sustentabledigital\/"}]}},"uagb_featured_image_src":{"full":["https:\/\/sustentable.digital\/blog\/wp-content\/uploads\/2025\/03\/portada_sd.png",1200,628,false],"thumbnail":["https:\/\/sustentable.digital\/blog\/wp-content\/uploads\/2025\/03\/portada_sd-200x200.png",200,200,true],"medium":["https:\/\/sustentable.digital\/blog\/wp-content\/uploads\/2025\/03\/portada_sd-300x157.png",300,157,true],"medium_large":["https:\/\/sustentable.digital\/blog\/wp-content\/uploads\/2025\/03\/portada_sd-768x402.png",640,335,true],"large":["https:\/\/sustentable.digital\/blog\/wp-content\/uploads\/2025\/03\/portada_sd-1024x536.png",640,335,true],"1536x1536":["https:\/\/sustentable.digital\/blog\/wp-content\/uploads\/2025\/03\/portada_sd.png",1200,628,false],"2048x2048":["https:\/\/sustentable.digital\/blog\/wp-content\/uploads\/2025\/03\/portada_sd.png",1200,628,false],"alm-thumbnail":["https:\/\/sustentable.digital\/blog\/wp-content\/uploads\/2025\/03\/portada_sd-150x150.png",150,150,true]},"uagb_author_info":{"display_name":"Sustentable Digital","author_link":"https:\/\/sustentable.digital\/blog\/author\/sustentabledigital\/"},"uagb_comment_info":0,"uagb_excerpt":"En los \u00faltimos a\u00f1os, la agenda ESG (ambiental, social y de gobernanza) ha dejado de ser una opci\u00f3n para convertirse en una necesidad imperiosa. Las empresas que no integren pr\u00e1cticas sostenibles en su modelo de negocio corren el riesgo de quedarse rezagadas en un mercado cada vez m\u00e1s consciente y exigente. El contexto actual: entre&hellip;","_links":{"self":[{"href":"https:\/\/sustentable.digital\/blog\/wp-json\/wp\/v2\/posts\/3529","targetHints":{"allow":["GET"]}}],"collection":[{"href":"https:\/\/sustentable.digital\/blog\/wp-json\/wp\/v2\/posts"}],"about":[{"href":"https:\/\/sustentable.digital\/blog\/wp-json\/wp\/v2\/types\/post"}],"author":[{"embeddable":true,"href":"https:\/\/sustentable.digital\/blog\/wp-json\/wp\/v2\/users\/4"}],"replies":[{"embeddable":true,"href":"https:\/\/sustentable.digital\/blog\/wp-json\/wp\/v2\/comments?post=3529"}],"version-history":[{"count":4,"href":"https:\/\/sustentable.digital\/blog\/wp-json\/wp\/v2\/posts\/3529\/revisions"}],"predecessor-version":[{"id":3535,"href":"https:\/\/sustentable.digital\/blog\/wp-json\/wp\/v2\/posts\/3529\/revisions\/3535"}],"wp:featuredmedia":[{"embeddable":true,"href":"https:\/\/sustentable.digital\/blog\/wp-json\/wp\/v2\/media\/3536"}],"wp:attachment":[{"href":"https:\/\/sustentable.digital\/blog\/wp-json\/wp\/v2\/media?parent=3529"}],"wp:term":[{"taxonomy":"category","embeddable":true,"href":"https:\/\/sustentable.digital\/blog\/wp-json\/wp\/v2\/categories?post=3529"},{"taxonomy":"post_tag","embeddable":true,"href":"https:\/\/sustentable.digital\/blog\/wp-json\/wp\/v2\/tags?post=3529"}],"curies":[{"name":"wp","href":"https:\/\/api.w.org\/{rel}","templated":true}]}}