{"id":3496,"date":"2024-12-26T12:39:08","date_gmt":"2024-12-26T12:39:08","guid":{"rendered":"https:\/\/sustentable.digital\/blog\/?p=3496"},"modified":"2024-12-26T12:39:10","modified_gmt":"2024-12-26T12:39:10","slug":"nuestra-huella-de-carbono","status":"publish","type":"post","link":"https:\/\/sustentable.digital\/blog\/2024\/12\/nuestra-huella-de-carbono\/","title":{"rendered":"Nuestra huella de carbono"},"content":{"rendered":"\n<p><strong>Huella de carbono: qu\u00e9 es y c\u00f3mo medirla para empezar a actuar<\/strong>.<\/p>\n\n\n\n<p>Reducir el impacto ambiental es un desaf\u00edo urgente. La medici\u00f3n de la huella de carbono es una herramienta clave para entender su impacto, calculando cu\u00e1ntas emisiones de gases de efecto invernadero (GEI) produce una persona, empresa o producto a lo largo de sus actividades. Saberlo no solo ayuda a dimensionar el problema, sino tambi\u00e9n a tomar decisiones m\u00e1s sustentables.<\/p>\n\n\n<div class=\"wp-block-image\">\n<figure class=\"aligncenter size-full\"><a href=\"https:\/\/sustentable.digital\/blog\/wp-content\/uploads\/2024\/12\/cuerpo-de-la-nota_1.png\"><img loading=\"lazy\" decoding=\"async\" width=\"1024\" height=\"683\" src=\"https:\/\/sustentable.digital\/blog\/wp-content\/uploads\/2024\/12\/cuerpo-de-la-nota_1.png\" alt=\"\" class=\"wp-image-3497\" srcset=\"https:\/\/sustentable.digital\/blog\/wp-content\/uploads\/2024\/12\/cuerpo-de-la-nota_1.png 1024w, https:\/\/sustentable.digital\/blog\/wp-content\/uploads\/2024\/12\/cuerpo-de-la-nota_1-300x200.png 300w, https:\/\/sustentable.digital\/blog\/wp-content\/uploads\/2024\/12\/cuerpo-de-la-nota_1-768x512.png 768w\" sizes=\"auto, (max-width: 1024px) 100vw, 1024px\" \/><\/a><\/figure><\/div>\n\n\n<p><\/p>\n\n\n\n<p><strong>\u00bfC\u00f3mo se mide?<\/strong><\/p>\n\n\n\n<p>La huella de carbono se calcula en toneladas de CO2 y sigue tres grandes alcances:<\/p>\n\n\n\n<p><strong>Alcance 1<\/strong>: emisiones directas, como la combusti\u00f3n en maquinarias o transporte propio.<\/p>\n\n\n\n<p><strong>Alcance 2<\/strong>: emisiones indirectas por energ\u00eda, como la electricidad usada en oficinas o procesos productivos.<\/p>\n\n\n\n<p><strong>Alcance 3<\/strong>: otras emisiones indirectas, como el transporte de proveedores, viajes corporativos o uso de productos.<\/p>\n\n\n\n<p><strong>\u00bfPor qu\u00e9 es importante medirla?<\/strong><\/p>\n\n\n\n<p>El calentamiento global es causado, en gran medida, por las emisiones de GEI provenientes de la quema de combustibles f\u00f3siles, la industria y la deforestaci\u00f3n. En ese sentido, medir la huella de carbono resulta fundamental si queremos contribuir a la acci\u00f3n clim\u00e1tica, ya que permite identificar oportunidades para reducir emisiones, ahorrar recursos y compensar lo que no se puede evitar.<\/p>\n\n\n\n<p>Seg\u00fan datos recientes, m\u00e1s de 35.000 millones de toneladas de CO2 se emiten anualmente a nivel global. Si bien ninguna acci\u00f3n individual o empresarial es suficiente por s\u00ed sola, sumarlas es la \u00fanica forma de frenar el cambio clim\u00e1tico.<\/p>\n\n\n\n<p>Las empresas y personas que deciden medir su huella no solo contribuyen a un futuro m\u00e1s limpio, tambi\u00e9n ganan en transparencia y credibilidad frente a consumidores y socios cada vez m\u00e1s conscientes de su impacto en el Planeta.<\/p>\n\n\n<div class=\"wp-block-image\">\n<figure class=\"aligncenter size-full\"><a href=\"https:\/\/sustentable.digital\/blog\/wp-content\/uploads\/2024\/12\/cuerpo-de-la-nota_2.png\"><img loading=\"lazy\" decoding=\"async\" width=\"1024\" height=\"683\" src=\"https:\/\/sustentable.digital\/blog\/wp-content\/uploads\/2024\/12\/cuerpo-de-la-nota_2.png\" alt=\"\" class=\"wp-image-3499\" srcset=\"https:\/\/sustentable.digital\/blog\/wp-content\/uploads\/2024\/12\/cuerpo-de-la-nota_2.png 1024w, https:\/\/sustentable.digital\/blog\/wp-content\/uploads\/2024\/12\/cuerpo-de-la-nota_2-300x200.png 300w, https:\/\/sustentable.digital\/blog\/wp-content\/uploads\/2024\/12\/cuerpo-de-la-nota_2-768x512.png 768w\" sizes=\"auto, (max-width: 1024px) 100vw, 1024px\" \/><\/a><\/figure><\/div>\n\n\n<p><\/p>\n\n\n\n<p><strong>Primeros pasos para pasar a la acci\u00f3n<\/strong><\/p>\n\n\n\n<p>Calcul\u00e1 la huella personal o empresarial con herramientas en l\u00ednea.<\/p>\n\n\n\n<p>Identific\u00e1 qu\u00e9 emisiones pod\u00e9s reducir.<\/p>\n\n\n\n<p>Compens\u00e1 las emisiones inevitables a trav\u00e9s de proyectos verificados.<\/p>\n\n\n\n<p><strong>La huella de carbono es un indicador fundamental. Reducirla es posible y medirla es el punto de partida.<\/strong><\/p>\n","protected":false},"excerpt":{"rendered":"<p>Huella de carbono: qu\u00e9 es y c\u00f3mo medirla para empezar a actuar. Reducir el impacto ambiental es un desaf\u00edo urgente. La medici\u00f3n de la huella de carbono es una herramienta clave para entender su impacto, calculando cu\u00e1ntas emisiones de gases de efecto invernadero (GEI) produce una persona, empresa o producto a lo largo de sus [&hellip;]<\/p>\n","protected":false},"author":4,"featured_media":3498,"comment_status":"open","ping_status":"open","sticky":false,"template":"","format":"standard","meta":{"_uag_custom_page_level_css":"","footnotes":""},"categories":[1],"tags":[],"class_list":["post-3496","post","type-post","status-publish","format-standard","has-post-thumbnail","hentry","category-uncategorized"],"yoast_head":"<!-- This site is optimized with the Yoast SEO plugin v26.8 - https:\/\/yoast.com\/product\/yoast-seo-wordpress\/ -->\n<title>Nuestra huella de carbono - Sustentable Digital<\/title>\n<meta name=\"robots\" content=\"index, follow, max-snippet:-1, max-image-preview:large, max-video-preview:-1\" \/>\n<link rel=\"canonical\" href=\"https:\/\/sustentable.digital\/blog\/2024\/12\/nuestra-huella-de-carbono\/\" \/>\n<meta property=\"og:locale\" content=\"es_ES\" \/>\n<meta property=\"og:type\" content=\"article\" \/>\n<meta property=\"og:title\" content=\"Nuestra huella de carbono - Sustentable Digital\" \/>\n<meta property=\"og:description\" content=\"Huella de carbono: qu\u00e9 es y c\u00f3mo medirla para empezar a actuar. Reducir el impacto ambiental es un desaf\u00edo urgente. La medici\u00f3n de la huella de carbono es una herramienta clave para entender su impacto, calculando cu\u00e1ntas emisiones de gases de efecto invernadero (GEI) produce una persona, empresa o producto a lo largo de sus [&hellip;]\" \/>\n<meta property=\"og:url\" content=\"https:\/\/sustentable.digital\/blog\/2024\/12\/nuestra-huella-de-carbono\/\" \/>\n<meta property=\"og:site_name\" content=\"Sustentable Digital\" \/>\n<meta property=\"article:published_time\" content=\"2024-12-26T12:39:08+00:00\" \/>\n<meta property=\"article:modified_time\" content=\"2024-12-26T12:39:10+00:00\" \/>\n<meta property=\"og:image\" content=\"https:\/\/sustentable.digital\/blog\/wp-content\/uploads\/2024\/12\/portada-de-blog.png\" \/>\n\t<meta property=\"og:image:width\" content=\"1200\" \/>\n\t<meta property=\"og:image:height\" content=\"628\" \/>\n\t<meta property=\"og:image:type\" content=\"image\/png\" \/>\n<meta name=\"author\" content=\"Sustentable Digital\" \/>\n<meta name=\"twitter:label1\" content=\"Escrito por\" \/>\n\t<meta name=\"twitter:data1\" content=\"Sustentable Digital\" \/>\n\t<meta name=\"twitter:label2\" content=\"Tiempo de lectura\" \/>\n\t<meta name=\"twitter:data2\" content=\"2 minutos\" \/>\n<script type=\"application\/ld+json\" class=\"yoast-schema-graph\">{\"@context\":\"https:\/\/schema.org\",\"@graph\":[{\"@type\":\"Article\",\"@id\":\"https:\/\/sustentable.digital\/blog\/2024\/12\/nuestra-huella-de-carbono\/#article\",\"isPartOf\":{\"@id\":\"https:\/\/sustentable.digital\/blog\/2024\/12\/nuestra-huella-de-carbono\/\"},\"author\":{\"name\":\"Sustentable Digital\",\"@id\":\"https:\/\/sustentable.digital\/blog\/#\/schema\/person\/e1dd9d02ba805d7efe1455c346e10b08\"},\"headline\":\"Nuestra huella de carbono\",\"datePublished\":\"2024-12-26T12:39:08+00:00\",\"dateModified\":\"2024-12-26T12:39:10+00:00\",\"mainEntityOfPage\":{\"@id\":\"https:\/\/sustentable.digital\/blog\/2024\/12\/nuestra-huella-de-carbono\/\"},\"wordCount\":347,\"commentCount\":0,\"image\":{\"@id\":\"https:\/\/sustentable.digital\/blog\/2024\/12\/nuestra-huella-de-carbono\/#primaryimage\"},\"thumbnailUrl\":\"https:\/\/sustentable.digital\/blog\/wp-content\/uploads\/2024\/12\/portada-de-blog.png\",\"articleSection\":[\"Uncategorized\"],\"inLanguage\":\"es-AR\",\"potentialAction\":[{\"@type\":\"CommentAction\",\"name\":\"Comment\",\"target\":[\"https:\/\/sustentable.digital\/blog\/2024\/12\/nuestra-huella-de-carbono\/#respond\"]}]},{\"@type\":\"WebPage\",\"@id\":\"https:\/\/sustentable.digital\/blog\/2024\/12\/nuestra-huella-de-carbono\/\",\"url\":\"https:\/\/sustentable.digital\/blog\/2024\/12\/nuestra-huella-de-carbono\/\",\"name\":\"Nuestra huella de carbono - Sustentable Digital\",\"isPartOf\":{\"@id\":\"https:\/\/sustentable.digital\/blog\/#website\"},\"primaryImageOfPage\":{\"@id\":\"https:\/\/sustentable.digital\/blog\/2024\/12\/nuestra-huella-de-carbono\/#primaryimage\"},\"image\":{\"@id\":\"https:\/\/sustentable.digital\/blog\/2024\/12\/nuestra-huella-de-carbono\/#primaryimage\"},\"thumbnailUrl\":\"https:\/\/sustentable.digital\/blog\/wp-content\/uploads\/2024\/12\/portada-de-blog.png\",\"datePublished\":\"2024-12-26T12:39:08+00:00\",\"dateModified\":\"2024-12-26T12:39:10+00:00\",\"author\":{\"@id\":\"https:\/\/sustentable.digital\/blog\/#\/schema\/person\/e1dd9d02ba805d7efe1455c346e10b08\"},\"inLanguage\":\"es-AR\",\"potentialAction\":[{\"@type\":\"ReadAction\",\"target\":[\"https:\/\/sustentable.digital\/blog\/2024\/12\/nuestra-huella-de-carbono\/\"]}]},{\"@type\":\"ImageObject\",\"inLanguage\":\"es-AR\",\"@id\":\"https:\/\/sustentable.digital\/blog\/2024\/12\/nuestra-huella-de-carbono\/#primaryimage\",\"url\":\"https:\/\/sustentable.digital\/blog\/wp-content\/uploads\/2024\/12\/portada-de-blog.png\",\"contentUrl\":\"https:\/\/sustentable.digital\/blog\/wp-content\/uploads\/2024\/12\/portada-de-blog.png\",\"width\":1200,\"height\":628},{\"@type\":\"WebSite\",\"@id\":\"https:\/\/sustentable.digital\/blog\/#website\",\"url\":\"https:\/\/sustentable.digital\/blog\/\",\"name\":\"Sustentable Digital\",\"description\":\"Comunicaci\u00f3n y Tecnolog\u00eda en Sustentabilidad\",\"potentialAction\":[{\"@type\":\"SearchAction\",\"target\":{\"@type\":\"EntryPoint\",\"urlTemplate\":\"https:\/\/sustentable.digital\/blog\/?s={search_term_string}\"},\"query-input\":{\"@type\":\"PropertyValueSpecification\",\"valueRequired\":true,\"valueName\":\"search_term_string\"}}],\"inLanguage\":\"es-AR\"},{\"@type\":\"Person\",\"@id\":\"https:\/\/sustentable.digital\/blog\/#\/schema\/person\/e1dd9d02ba805d7efe1455c346e10b08\",\"name\":\"Sustentable Digital\",\"image\":{\"@type\":\"ImageObject\",\"inLanguage\":\"es-AR\",\"@id\":\"https:\/\/sustentable.digital\/blog\/#\/schema\/person\/image\/\",\"url\":\"https:\/\/secure.gravatar.com\/avatar\/80fcd144cc3c623b0902663d451ceddf?s=96&d=mm&r=g\",\"contentUrl\":\"https:\/\/secure.gravatar.com\/avatar\/80fcd144cc3c623b0902663d451ceddf?s=96&d=mm&r=g\",\"caption\":\"Sustentable Digital\"},\"url\":\"https:\/\/sustentable.digital\/blog\/author\/sustentabledigital\/\"}]}<\/script>\n<!-- \/ Yoast SEO plugin. -->","yoast_head_json":{"title":"Nuestra huella de carbono - Sustentable Digital","robots":{"index":"index","follow":"follow","max-snippet":"max-snippet:-1","max-image-preview":"max-image-preview:large","max-video-preview":"max-video-preview:-1"},"canonical":"https:\/\/sustentable.digital\/blog\/2024\/12\/nuestra-huella-de-carbono\/","og_locale":"es_ES","og_type":"article","og_title":"Nuestra huella de carbono - Sustentable Digital","og_description":"Huella de carbono: qu\u00e9 es y c\u00f3mo medirla para empezar a actuar. Reducir el impacto ambiental es un desaf\u00edo urgente. La medici\u00f3n de la huella de carbono es una herramienta clave para entender su impacto, calculando cu\u00e1ntas emisiones de gases de efecto invernadero (GEI) produce una persona, empresa o producto a lo largo de sus [&hellip;]","og_url":"https:\/\/sustentable.digital\/blog\/2024\/12\/nuestra-huella-de-carbono\/","og_site_name":"Sustentable Digital","article_published_time":"2024-12-26T12:39:08+00:00","article_modified_time":"2024-12-26T12:39:10+00:00","og_image":[{"width":1200,"height":628,"url":"https:\/\/sustentable.digital\/blog\/wp-content\/uploads\/2024\/12\/portada-de-blog.png","type":"image\/png"}],"author":"Sustentable Digital","twitter_misc":{"Escrito por":"Sustentable Digital","Tiempo de lectura":"2 minutos"},"schema":{"@context":"https:\/\/schema.org","@graph":[{"@type":"Article","@id":"https:\/\/sustentable.digital\/blog\/2024\/12\/nuestra-huella-de-carbono\/#article","isPartOf":{"@id":"https:\/\/sustentable.digital\/blog\/2024\/12\/nuestra-huella-de-carbono\/"},"author":{"name":"Sustentable Digital","@id":"https:\/\/sustentable.digital\/blog\/#\/schema\/person\/e1dd9d02ba805d7efe1455c346e10b08"},"headline":"Nuestra huella de carbono","datePublished":"2024-12-26T12:39:08+00:00","dateModified":"2024-12-26T12:39:10+00:00","mainEntityOfPage":{"@id":"https:\/\/sustentable.digital\/blog\/2024\/12\/nuestra-huella-de-carbono\/"},"wordCount":347,"commentCount":0,"image":{"@id":"https:\/\/sustentable.digital\/blog\/2024\/12\/nuestra-huella-de-carbono\/#primaryimage"},"thumbnailUrl":"https:\/\/sustentable.digital\/blog\/wp-content\/uploads\/2024\/12\/portada-de-blog.png","articleSection":["Uncategorized"],"inLanguage":"es-AR","potentialAction":[{"@type":"CommentAction","name":"Comment","target":["https:\/\/sustentable.digital\/blog\/2024\/12\/nuestra-huella-de-carbono\/#respond"]}]},{"@type":"WebPage","@id":"https:\/\/sustentable.digital\/blog\/2024\/12\/nuestra-huella-de-carbono\/","url":"https:\/\/sustentable.digital\/blog\/2024\/12\/nuestra-huella-de-carbono\/","name":"Nuestra huella de carbono - Sustentable Digital","isPartOf":{"@id":"https:\/\/sustentable.digital\/blog\/#website"},"primaryImageOfPage":{"@id":"https:\/\/sustentable.digital\/blog\/2024\/12\/nuestra-huella-de-carbono\/#primaryimage"},"image":{"@id":"https:\/\/sustentable.digital\/blog\/2024\/12\/nuestra-huella-de-carbono\/#primaryimage"},"thumbnailUrl":"https:\/\/sustentable.digital\/blog\/wp-content\/uploads\/2024\/12\/portada-de-blog.png","datePublished":"2024-12-26T12:39:08+00:00","dateModified":"2024-12-26T12:39:10+00:00","author":{"@id":"https:\/\/sustentable.digital\/blog\/#\/schema\/person\/e1dd9d02ba805d7efe1455c346e10b08"},"inLanguage":"es-AR","potentialAction":[{"@type":"ReadAction","target":["https:\/\/sustentable.digital\/blog\/2024\/12\/nuestra-huella-de-carbono\/"]}]},{"@type":"ImageObject","inLanguage":"es-AR","@id":"https:\/\/sustentable.digital\/blog\/2024\/12\/nuestra-huella-de-carbono\/#primaryimage","url":"https:\/\/sustentable.digital\/blog\/wp-content\/uploads\/2024\/12\/portada-de-blog.png","contentUrl":"https:\/\/sustentable.digital\/blog\/wp-content\/uploads\/2024\/12\/portada-de-blog.png","width":1200,"height":628},{"@type":"WebSite","@id":"https:\/\/sustentable.digital\/blog\/#website","url":"https:\/\/sustentable.digital\/blog\/","name":"Sustentable Digital","description":"Comunicaci\u00f3n y Tecnolog\u00eda en Sustentabilidad","potentialAction":[{"@type":"SearchAction","target":{"@type":"EntryPoint","urlTemplate":"https:\/\/sustentable.digital\/blog\/?s={search_term_string}"},"query-input":{"@type":"PropertyValueSpecification","valueRequired":true,"valueName":"search_term_string"}}],"inLanguage":"es-AR"},{"@type":"Person","@id":"https:\/\/sustentable.digital\/blog\/#\/schema\/person\/e1dd9d02ba805d7efe1455c346e10b08","name":"Sustentable Digital","image":{"@type":"ImageObject","inLanguage":"es-AR","@id":"https:\/\/sustentable.digital\/blog\/#\/schema\/person\/image\/","url":"https:\/\/secure.gravatar.com\/avatar\/80fcd144cc3c623b0902663d451ceddf?s=96&d=mm&r=g","contentUrl":"https:\/\/secure.gravatar.com\/avatar\/80fcd144cc3c623b0902663d451ceddf?s=96&d=mm&r=g","caption":"Sustentable Digital"},"url":"https:\/\/sustentable.digital\/blog\/author\/sustentabledigital\/"}]}},"uagb_featured_image_src":{"full":["https:\/\/sustentable.digital\/blog\/wp-content\/uploads\/2024\/12\/portada-de-blog.png",1200,628,false],"thumbnail":["https:\/\/sustentable.digital\/blog\/wp-content\/uploads\/2024\/12\/portada-de-blog-200x200.png",200,200,true],"medium":["https:\/\/sustentable.digital\/blog\/wp-content\/uploads\/2024\/12\/portada-de-blog-300x157.png",300,157,true],"medium_large":["https:\/\/sustentable.digital\/blog\/wp-content\/uploads\/2024\/12\/portada-de-blog-768x402.png",640,335,true],"large":["https:\/\/sustentable.digital\/blog\/wp-content\/uploads\/2024\/12\/portada-de-blog-1024x536.png",640,335,true],"1536x1536":["https:\/\/sustentable.digital\/blog\/wp-content\/uploads\/2024\/12\/portada-de-blog.png",1200,628,false],"2048x2048":["https:\/\/sustentable.digital\/blog\/wp-content\/uploads\/2024\/12\/portada-de-blog.png",1200,628,false],"alm-thumbnail":["https:\/\/sustentable.digital\/blog\/wp-content\/uploads\/2024\/12\/portada-de-blog-150x150.png",150,150,true]},"uagb_author_info":{"display_name":"Sustentable Digital","author_link":"https:\/\/sustentable.digital\/blog\/author\/sustentabledigital\/"},"uagb_comment_info":0,"uagb_excerpt":"Huella de carbono: qu\u00e9 es y c\u00f3mo medirla para empezar a actuar. Reducir el impacto ambiental es un desaf\u00edo urgente. La medici\u00f3n de la huella de carbono es una herramienta clave para entender su impacto, calculando cu\u00e1ntas emisiones de gases de efecto invernadero (GEI) produce una persona, empresa o producto a lo largo de sus&hellip;","_links":{"self":[{"href":"https:\/\/sustentable.digital\/blog\/wp-json\/wp\/v2\/posts\/3496","targetHints":{"allow":["GET"]}}],"collection":[{"href":"https:\/\/sustentable.digital\/blog\/wp-json\/wp\/v2\/posts"}],"about":[{"href":"https:\/\/sustentable.digital\/blog\/wp-json\/wp\/v2\/types\/post"}],"author":[{"embeddable":true,"href":"https:\/\/sustentable.digital\/blog\/wp-json\/wp\/v2\/users\/4"}],"replies":[{"embeddable":true,"href":"https:\/\/sustentable.digital\/blog\/wp-json\/wp\/v2\/comments?post=3496"}],"version-history":[{"count":9,"href":"https:\/\/sustentable.digital\/blog\/wp-json\/wp\/v2\/posts\/3496\/revisions"}],"predecessor-version":[{"id":3508,"href":"https:\/\/sustentable.digital\/blog\/wp-json\/wp\/v2\/posts\/3496\/revisions\/3508"}],"wp:featuredmedia":[{"embeddable":true,"href":"https:\/\/sustentable.digital\/blog\/wp-json\/wp\/v2\/media\/3498"}],"wp:attachment":[{"href":"https:\/\/sustentable.digital\/blog\/wp-json\/wp\/v2\/media?parent=3496"}],"wp:term":[{"taxonomy":"category","embeddable":true,"href":"https:\/\/sustentable.digital\/blog\/wp-json\/wp\/v2\/categories?post=3496"},{"taxonomy":"post_tag","embeddable":true,"href":"https:\/\/sustentable.digital\/blog\/wp-json\/wp\/v2\/tags?post=3496"}],"curies":[{"name":"wp","href":"https:\/\/api.w.org\/{rel}","templated":true}]}}